{"id":6024,"date":"2025-06-18T12:00:00","date_gmt":"2025-06-18T10:00:00","guid":{"rendered":"https:\/\/aaa.do\/?p=6024"},"modified":"2025-06-24T14:20:03","modified_gmt":"2025-06-24T12:20:03","slug":"practical-strategies-for-managing-a-neurodiversity-team","status":"publish","type":"post","link":"https:\/\/aaa.do\/pl\/practical-strategies-for-managing-a-neurodiversity-team\/","title":{"rendered":"Praktyczne strategie zarz\u0105dzania zespo\u0142em neuror\u00f3\u017cnorodnym"},"content":{"rendered":"<div data-elementor-type=\"wp-post\" data-elementor-id=\"6024\" class=\"elementor elementor-6024\">\n\t\t\t\t<div class=\"elementor-element elementor-element-c0a77a3 e-flex e-con-boxed e-con e-parent\" data-id=\"c0a77a3\" data-element_type=\"container\">\n\t\t\t\t\t<div class=\"e-con-inner\">\n\t\t<div class=\"elementor-element elementor-element-69e544f e-con-full e-flex e-con e-child\" data-id=\"69e544f\" data-element_type=\"container\">\n\t\t\t\t<div class=\"elementor-element elementor-element-8227e65 elementor-widget elementor-widget-image\" data-id=\"8227e65\" data-element_type=\"widget\" data-widget_type=\"image.default\">\n\t\t\t\t<div class=\"elementor-widget-container\">\n\t\t\t\t\t\t\t\t\t\t\t\t\t\t\t<img fetchpriority=\"high\" decoding=\"async\" width=\"1024\" height=\"576\" src=\"https:\/\/aaa.do\/wp-content\/uploads\/2025\/06\/aaado-blog-Pawel-Wojtyczka-Praktyczne-strategie-zarzadzania-zespolem-neuroroznorodnym-1024x576.jpg\" class=\"attachment-large size-large wp-image-6027\" alt=\"Practical strategies for managing a neurodiversity team\" srcset=\"https:\/\/aaa.do\/wp-content\/uploads\/2025\/06\/aaado-blog-Pawel-Wojtyczka-Praktyczne-strategie-zarzadzania-zespolem-neuroroznorodnym-1024x576.jpg 1024w, https:\/\/aaa.do\/wp-content\/uploads\/2025\/06\/aaado-blog-Pawel-Wojtyczka-Praktyczne-strategie-zarzadzania-zespolem-neuroroznorodnym-300x169.jpg 300w, https:\/\/aaa.do\/wp-content\/uploads\/2025\/06\/aaado-blog-Pawel-Wojtyczka-Praktyczne-strategie-zarzadzania-zespolem-neuroroznorodnym-768x432.jpg 768w, https:\/\/aaa.do\/wp-content\/uploads\/2025\/06\/aaado-blog-Pawel-Wojtyczka-Praktyczne-strategie-zarzadzania-zespolem-neuroroznorodnym-1536x864.jpg 1536w, https:\/\/aaa.do\/wp-content\/uploads\/2025\/06\/aaado-blog-Pawel-Wojtyczka-Praktyczne-strategie-zarzadzania-zespolem-neuroroznorodnym-18x10.jpg 18w, https:\/\/aaa.do\/wp-content\/uploads\/2025\/06\/aaado-blog-Pawel-Wojtyczka-Praktyczne-strategie-zarzadzania-zespolem-neuroroznorodnym-600x338.jpg 600w, https:\/\/aaa.do\/wp-content\/uploads\/2025\/06\/aaado-blog-Pawel-Wojtyczka-Praktyczne-strategie-zarzadzania-zespolem-neuroroznorodnym.jpg 1920w\" sizes=\"(max-width: 1024px) 100vw, 1024px\" \/>\t\t\t\t\t\t\t\t\t\t\t\t\t\t\t<\/div>\n\t\t\t\t<\/div>\n\t\t\t\t<div class=\"elementor-element elementor-element-2338ef9 elementor-widget elementor-widget-text-editor\" data-id=\"2338ef9\" data-element_type=\"widget\" data-widget_type=\"text-editor.default\">\n\t\t\t\t<div class=\"elementor-widget-container\">\n\t\t\t\t\t\t\t\t\t<p>W poprzednim artykule om\u00f3wili\u015bmy, czym jest neuror\u00f3\u017cnorodno\u015b\u0107 i jakie korzy\u015bci biznesowe p\u0142yn\u0105 z w\u0142\u0105czania os\u00f3b neurodywergentnych do zespo\u0142\u00f3w. Poznali\u015bmy te\u017c podstawowe praktyki, kt\u00f3re pomagaj\u0105 takim osobom efektywnie funkcjonowa\u0107 w \u015brodowisku korporacyjnym. Teraz przyjrzyjmy si\u0119 konkretnym strategiom, kt\u00f3re mo\u017cesz wdro\u017cy\u0107 jako menad\u017cer, aby w pe\u0142ni wykorzysta\u0107 potencja\u0142 neuror\u00f3\u017cnorodno\u015bci w swojej organizacji.<\/p><p><strong>Rekrutacja dostosowana do neuror\u00f3\u017cnorodno\u015bci<\/strong><\/p><p>Standardowe procesy rekrutacyjne cz\u0119sto nie\u015bwiadomie dyskryminuj\u0105 osoby neurodywergentne. Tradycyjna rozmowa kwalifikacyjna, opieraj\u0105ca si\u0119 na umiej\u0119tno\u015bciach spo\u0142ecznych i komunikacyjnych, mo\u017ce by\u0107 ogromnym wyzwaniem dla osoby w spektrum autyzmu, nawet je\u015bli jest ona ekspertem w swojej dziedzinie.<\/p><p><strong>Praktyczne rozwi\u0105zania:<\/strong><\/p><ol><li><strong><strong>Alternatywne formy oceny<\/strong> \u2013 zamiast klasycznych rozm\u00f3w, oferuj zadania praktyczne lub testy umiej\u0119tno\u015bci, kt\u00f3re pozwol\u0105 kandydatom wykaza\u0107 si\u0119 wiedz\u0105 merytoryczn\u0105.<\/strong> \u2013 instead of standard interviews, offer practical tasks or skills tests that allow candidates to demonstrate substantive knowledge.<\/li><li class=\"translation-block\"><strong>Transparentno\u015b\u0107 procesu<\/strong> \u2013 dok\u0142adnie opisz, jak b\u0119dzie wygl\u0105da\u0107 proces rekrutacji, ile etap\u00f3w przewidujesz i jakie konkretnie umiej\u0119tno\u015bci b\u0119d\u0105 oceniane.<\/li><li class=\"translation-block\"><strong>Precyzyjne opisy stanowisk<\/strong> \u2013 unikaj og\u00f3lnikowych sformu\u0142owa\u0144 i nierealistycznych wymaga\u0144 (np. \u201edoskona\u0142e umiej\u0119tno\u015bci interpersonalne\u201d dla stanowiska analitycznego).<\/li><li class=\"translation-block\"><strong>Przeszkolenie rekruter\u00f3w<\/strong> \u2013 osoby prowadz\u0105ce rekrutacj\u0119 powinny rozumie\u0107 potrzeby kandydat\u00f3w neurodywergentnych i umie\u0107 dostosowa\u0107 sw\u00f3j styl komunikacji.<\/li><\/ol><p><strong>Dostosowanie \u015brodowiska pracy<\/strong><\/p><p>Osoby neurodywergentne, szczeg\u00f3lnie te w spektrum autyzmu, mog\u0105 by\u0107 wyj\u0105tkowo wra\u017cliwe na bod\u017ace sensoryczne. Ha\u0142a\u015bliwe, jasno o\u015bwietlone open space\u2019y mog\u0105 dla nich by\u0107 \u017ar\u00f3d\u0142em przeci\u0105\u017cenia sensorycznego, kt\u00f3re drastycznie obni\u017ca ich wydajno\u015b\u0107.<\/p><p><strong>Praktyczne rozwi\u0105zania:<\/strong><\/p><ol><li class=\"translation-block\"><strong>Elastyczno\u015b\u0107 przestrzeni<\/strong> \u2013 oferuj ciche strefy pracy lub mo\u017cliwo\u015b\u0107 pracy hybrydowej dla os\u00f3b potrzebuj\u0105cych \u015brodowiska o niskiej stymulacji.<\/li><li class=\"translation-block\"><strong>Redukcja dystraktor\u00f3w<\/strong> \u2013 zapewnij s\u0142uchawki z redukcj\u0105 szum\u00f3w, przegrody mi\u0119dzy biurkami czy mo\u017cliwo\u015b\u0107 pracy w mniej zat\u0142oczonych godzinach.<\/li><li class=\"translation-block\"><strong>Przewidywalno\u015b\u0107<\/strong> \u2013 wprowad\u017a jasn\u0105 struktur\u0119 dnia, regularny harmonogram spotka\u0144 i z wyprzedzeniem informuj o wszelkich zmianach w rutynie zespo\u0142u.<\/li><li class=\"translation-block\"><strong>Narz\u0119dzia asynchroniczne<\/strong> \u2013 umo\u017cliw komunikacj\u0119 pisemn\u0105 (czat, email) jako alternatyw\u0119 dla rozm\u00f3w telefonicznych czy spotka\u0144 osobistych, kt\u00f3re mog\u0105 by\u0107 wyzwaniem dla niekt\u00f3rych os\u00f3b.<\/li><\/ol><p><strong>Efektywna komunikacja z osobami neurodywergetnymi<\/strong><\/p><p>Jak podkre\u015bla\u0142 Jacek \u015amigiel podczas webinaru prowadzonego przez asperIT: \u201eOsoba autystyczna mo\u017ce odczyta\u0107 to, jakby odczyta\u0107 bardzo zero-jedynkowo i bardzo jednoznacznie\u201d \u2013 ten cytat doskonale ilustruje, jak wa\u017cna jest precyzyjna komunikacja z osobami neurodywergetnymi.<\/p><p><strong>Dla os\u00f3b w spektrum autyzmu:<\/strong><\/p><ol><li class=\"translation-block\"><strong>Konkretno\u015b\u0107<\/strong> \u2013 unikaj metafor, sarkazmu i niedom\u00f3wie\u0144. Formu\u0142uj jasne, jednoznaczne komunikaty.<\/li><li class=\"translation-block\"><strong>Pisemne instrukcje<\/strong> \u2013 nawet po ustnym om\u00f3wieniu zadania, dobrze jest dostarczy\u0107 pisemne podsumowanie z konkretnymi krokami i oczekiwaniami.<\/li><li class=\"translation-block\"><strong>Definiowanie termin\u00f3w<\/strong> \u2013 ustal konkretne daty i godziny zamiast \u201ejak najszybciej\u201d czy \u201ewkr\u00f3tce\u201d.<\/li><li class=\"translation-block\"><strong>Precyzja w oczekiwaniach<\/strong> \u2013 dok\u0142adnie okre\u015bl standard pracy, jako\u015b\u0107 i wszystkie parametry zadania.<\/li><\/ol><p><strong>Dla os\u00f3b z ADHD:<\/strong><\/p><ol><li class=\"translation-block\"><strong>Wizualizacja<\/strong> \u2013 u\u017cywaj diagram\u00f3w, map my\u015bli, kolor\u00f3w do kategoryzacji informacji.<\/li><li class=\"translation-block\"><strong>Dzielenie zada\u0144<\/strong> \u2013 rozbijaj du\u017ce projekty na mniejsze, mo\u017cliwe do zrealizowania w kr\u00f3tszym czasie cz\u0119\u015bci.<\/li><li class=\"translation-block\"><strong>Cz\u0119ste przypomnienia<\/strong> \u2013 regularnie przypominaj o zbli\u017caj\u0105cych si\u0119 terminach i kamieniach milowych projektu.<\/li><li class=\"translation-block\"><strong>Elastyczne podej\u015bcie do czasu pracy<\/strong> \u2013 osoby z ADHD mog\u0105 mie\u0107 \u201eokresy intensywnego skupienia\u201d (hyperfocus), kt\u00f3re warto wykorzysta\u0107, pozwalaj\u0105c na pewn\u0105 elastyczno\u015b\u0107.<\/li><\/ol><p><strong>Efektywny feedback i ocena wydajno\u015bci<\/strong><\/p><p>Osoby neurodywergentne cz\u0119sto maj\u0105 trudno\u015b\u0107 z interpretowaniem niejasnych sygna\u0142\u00f3w spo\u0142ecznych i potrzebuj\u0105 bardziej bezpo\u015bredniego feedbacku ni\u017c pracownicy neurotypowi.<\/p><p><strong>Praktyczne podej\u015bcie:<\/strong><\/p><ol><li class=\"translation-block\"><strong>Regularno\u015b\u0107<\/strong> \u2013 ustal cykliczny, przewidywalny harmonogram spotka\u0144 feedbackowych, zamiast udziela\u0107 ich spontanicznie.<\/li><li class=\"translation-block\"><strong>Konkretno\u015b\u0107<\/strong> \u2013 zamiast og\u00f3lnych pochwa\u0142 typu \u201e\u015bwietna robota\u201d, wska\u017c dok\u0142adnie, co by\u0142o dobrze wykonane i dlaczego.<\/li><li class=\"translation-block\"><strong>Konstruktywno\u015b\u0107<\/strong> \u2013 przy wskazywaniu obszar\u00f3w do poprawy, b\u0105d\u017a precyzyjny i oferuj konkretne sugestie usprawnie\u0144, nie tylko krytyk\u0119.<\/li><li class=\"translation-block\"><strong>Dwukierunkowo\u015b\u0107<\/strong> \u2013 zach\u0119caj do dawania feedbacku r\u00f3wnie\u017c Tobie jako prze\u0142o\u017conemu, by lepiej zrozumie\u0107 potrzeby pracownika.<\/li><\/ol><p><strong>Budowanie efektywnych zespo\u0142\u00f3w neurozr\u00f3\u017cnorodnych<\/strong><\/p><p>R\u00f3\u017cnorodno\u015b\u0107 my\u015blenia mo\u017ce by\u0107 ogromnym atutem zespo\u0142u, je\u015bli jest w\u0142a\u015bciwie zarz\u0105dzana. Jak zauwa\u017cy\u0142 ekspert podczas webinaru: \u201eOsoby z ADHD i w spektrum autyzmu mog\u0105 \u015bwietnie uzupe\u0142nia\u0107 si\u0119, je\u015bli chodzi o kompetencje.\u201d<\/p><p><strong>Strategie budowania komplementarnych zespo\u0142\u00f3w:<\/strong><\/p><ol><li class=\"translation-block\"><strong>\u015awiadome \u0142\u0105czenie talent\u00f3w<\/strong> \u2013 osoby w spektrum autyzmu mog\u0105 doskonale sprawdza\u0107 si\u0119 w analizie danych i zapewnianiu jako\u015bci, podczas gdy osoby z ADHD cz\u0119sto b\u0142yszcz\u0105 w burzy m\u00f3zg\u00f3w i generowaniu pomys\u0142\u00f3w.<\/li><li class=\"translation-block\"><strong>Jasny podzia\u0142 r\u00f3l<\/strong> \u2013 precyzyjnie okre\u015bl, kto za co odpowiada i jakie s\u0105 granice odpowiedzialno\u015bci.<\/li><li class=\"translation-block\"><strong>Uznanie r\u00f3\u017cnych styl\u00f3w pracy<\/strong> \u2013 zaakceptuj, \u017ce niekt\u00f3rzy pracownicy mog\u0105 pracowa\u0107 najbardziej efektywnie w spos\u00f3b nietypowy (np. w nietypowych godzinach, przy muzyce, stoj\u0105c).<\/li><li class=\"translation-block\"><strong>Edukacja zespo\u0142u<\/strong> \u2013 szkolenie ca\u0142ego zespo\u0142u w zakresie neuror\u00f3\u017cnorodno\u015bci pomaga budowa\u0107 zrozumienie i akceptacj\u0119 r\u00f3\u017cnych styl\u00f3w pracy.<\/li><\/ol><p><strong>Zarz\u0105dzanie zmian\u0105 w zespole neuror\u00f3\u017cnorodnym<\/strong><\/p><p>Zmiany mog\u0105 by\u0107 szczeg\u00f3lnie trudne dla os\u00f3b w spektrum autyzmu, kt\u00f3re ceni\u0105 przewidywalno\u015b\u0107 i rutyn\u0119. Z drugiej strony, osoby z ADHD mog\u0105 potrzebowa\u0107 wi\u0119cej struktury, aby dostosowa\u0107 si\u0119 do nowych okoliczno\u015bci.<\/p><p><strong>Implementing change effectively:<\/strong><\/p><ol><li class=\"translation-block\"><strong>Wczesne informowanie<\/strong> \u2013 komunikuj zmiany z wyprzedzeniem, daj\u0105c czas na przystosowanie.<\/li><li class=\"translation-block\"><strong>Wyja\u015bnianie powod\u00f3w<\/strong> \u2013 osoby neurodywergentne \u0142atwiej zaakceptuj\u0105 zmian\u0119, je\u015bli zrozumiej\u0105 jej logiczne uzasadnienie.<\/li><li class=\"translation-block\"><strong>Stopniowe wdra\u017canie<\/strong> \u2013 wprowadzaj zmiany etapami, unikaj\u0105c nag\u0142ych rewolucji.<\/li><li class=\"translation-block\"><strong>Indywidualne wsparcie<\/strong> \u2013 oferuj dodatkowe wsparcie w okresie przej\u015bciowym, daj\u0105c czas na adaptacj\u0119.<\/li><\/ol><p><strong>Neuroprzyw\u00f3dztwo jako kompetencja przysz\u0142o\u015bci<\/strong><\/p><p>Wraz z rosn\u0105c\u0105 \u015bwiadomo\u015bci\u0105 neuror\u00f3\u017cnorodno\u015bci, umiej\u0119tno\u015b\u0107 zarz\u0105dzania zespo\u0142ami neurozr\u00f3\u017cnicowanymi staje si\u0119 kluczow\u0105 kompetencj\u0105 przysz\u0142o\u015bci. Menad\u017cerowie, kt\u00f3rzy rozumiej\u0105 r\u00f3\u017cne style my\u015blenia i potrafi\u0105 dostosowa\u0107 swoje podej\u015bcie, b\u0119d\u0105 mieli przewag\u0119 na rynku pracy.<\/p><p>Jak wspomnia\u0142 ekspert asperIT podczas webinaru: \u201eNeuror\u00f3\u017cnorodno\u015b\u0107 sta\u0142a si\u0119 ostatnio tematem tak powszechnym, \u017ce w zasadzie ka\u017cdego z nas gdzie\u015b dotyka ten temat.\u201d Dlatego rozwijanie kompetencji w tym obszarze jest inwestycj\u0105 w przysz\u0142o\u015b\u0107 ka\u017cdego menad\u017cera.<\/p><p><strong>Przyk\u0142ad sukcesu: Zesp\u00f3\u0142 testowy w asperIT<\/strong><\/p><p>Firma asperIT zatrudnia osoby w spektrum autyzmu jako tester\u00f3w oprogramowania, wykorzystuj\u0105c ich naturalne predyspozycje: skrupulatno\u015b\u0107, dok\u0142adno\u015b\u0107 i umiej\u0119tno\u015b\u0107 dostrzegania anomalii. Dzi\u0119ki odpowiedniemu dostosowaniu proces\u00f3w pracy i komunikacji, zesp\u00f3\u0142 osi\u0105ga wyniki przewy\u017cszaj\u0105ce standardy bran\u017cowe, a wska\u017aniki retencji pracownik\u00f3w s\u0105 znacznie wy\u017csze ni\u017c \u015brednia.<\/p><p><strong>Podsumowanie<\/strong><\/p><p>Zarz\u0105dzanie zespo\u0142em neuror\u00f3\u017cnorodnym to wyzwanie, ale te\u017c ogromna szansa na wzmocnienie innowacyjno\u015bci i efektywno\u015bci Twojej organizacji. Kluczem do sukcesu jest zrozumienie r\u00f3\u017cnych potrzeb pracownik\u00f3w i wdro\u017cenie odpowiednich strategii, kt\u00f3re pozwol\u0105 ka\u017cdemu cz\u0142onkowi zespo\u0142u wykorzysta\u0107 sw\u00f3j pe\u0142ny potencja\u0142.<\/p><p>Jak powiedzia\u0142 Jacek \u015amigiel: \u201eBardzo zale\u017cy nam na tym, \u017ceby\u015bmy zrozumieli jak wyj\u0105tkowe s\u0105 to osoby, z jak wyj\u0105tkowymi cechami mamy do czynienia. I w jaki spos\u00f3b osobom z neuror\u00f3\u017cnorodno\u015bciami mo\u017cemy da\u0107 przestrze\u0144, mo\u017cemy da\u0107 zrozumienie, bo tylko takie pozwoli jakby spe\u0142ni wykorzysta\u0107 potencja\u0142 tych os\u00f3b.\u201d<\/p><p>Tworz\u0105c \u015brodowisko pracy przyjazne dla neuror\u00f3\u017cnorodno\u015bci, nie tylko pomagasz konkretnym osobom, ale r\u00f3wnie\u017c budujesz bardziej innowacyjn\u0105, adaptacyjn\u0105 i konkurencyjn\u0105 organizacj\u0119.<\/p>\t\t\t\t\t\t\t\t<\/div>\n\t\t\t\t<\/div>\n\t\t<div class=\"elementor-element elementor-element-99cb607 e-con-full elementor-hidden-desktop elementor-hidden-laptop elementor-hidden-tablet elementor-hidden-mobile e-flex e-con e-child\" data-id=\"99cb607\" data-element_type=\"container\">\n\t\t\t\t<div class=\"elementor-element elementor-element-fe95508 elementor-widget elementor-widget-heading\" data-id=\"fe95508\" data-element_type=\"widget\" data-widget_type=\"heading.default\">\n\t\t\t\t<div class=\"elementor-widget-container\">\n\t\t\t\t\t<h2 class=\"elementor-heading-title elementor-size-default\">powi\u0105zane materia\u0142y<\/h2>\t\t\t\t<\/div>\n\t\t\t\t<\/div>\n\t\t\t\t<div class=\"elementor-element elementor-element-607f480 elementor-widget__width-initial elementor-widget elementor-widget-text-editor\" data-id=\"607f480\" data-element_type=\"widget\" data-widget_type=\"text-editor.default\">\n\t\t\t\t<div class=\"elementor-widget-container\">\n\t\t\t\t\t\t\t\t\t<p>Zapraszamy do nauki z materia\u0142\u00f3w przygotowanych przez trenera!<\/p>\t\t\t\t\t\t\t\t<\/div>\n\t\t\t\t<\/div>\n\t\t<div class=\"elementor-element elementor-element-34e1cd5 e-con-full e-flex e-con e-child\" data-id=\"34e1cd5\" data-element_type=\"container\">\n\t\t\t\t<div class=\"elementor-element elementor-element-e69e816 elementor-widget elementor-widget-shortcode\" data-id=\"e69e816\" data-element_type=\"widget\" data-widget_type=\"shortcode.default\">\n\t\t\t\t<div class=\"elementor-widget-container\">\n\t\t\t\t\t\t\t<div class=\"elementor-shortcode\"><div class=\"woocommerce columns-3\"><ul class=\"products columns-3\" data-products=\"type-1\" data-hover=\"zoom-in\">\n<li class=\"product type-product post-5337 status-publish first instock product_cat-trainings product_tag-marek-melaniuk has-post-thumbnail sold-individually shipping-taxable purchasable product-type-simple\">\n\t<a href=\"https:\/\/aaa.do\/pl\/produkt\/how-to-expand-a-trainers-offerings-with-online-training-and-digital-products-with-funding-opportunities\/\" class=\"woocommerce-LoopProduct-link woocommerce-loop-product__link\"><img decoding=\"async\" width=\"300\" height=\"300\" src=\"https:\/\/aaa.do\/wp-content\/uploads\/2025\/05\/aaado_szkolenie_Webinar-trenado-ENG-okladka-1-300x300.jpg\" class=\"attachment-woocommerce_thumbnail size-woocommerce_thumbnail\" alt=\"How to expand a trainer\u2019s offerings with online training and digital products with funding opportunities.\" srcset=\"https:\/\/aaa.do\/wp-content\/uploads\/2025\/05\/aaado_szkolenie_Webinar-trenado-ENG-okladka-1-300x300.jpg 300w, https:\/\/aaa.do\/wp-content\/uploads\/2025\/05\/aaado_szkolenie_Webinar-trenado-ENG-okladka-1-150x150.jpg 150w, https:\/\/aaa.do\/wp-content\/uploads\/2025\/05\/aaado_szkolenie_Webinar-trenado-ENG-okladka-1-100x100.jpg 100w\" sizes=\"(max-width: 300px) 100vw, 300px\" \/>\r\n            <span class=\"trnd-woo-grid price\">\r\n            \"dobra cegie\u0142ka\"<\/span>\r\n            <div class='trnd-meta-categories'>webinar <\/div><h2 class=\"woocommerce-loop-product__title\">Jak rozszerzy\u0107 ofert\u0119 trenera o szkolenia online i produkty cyfrowe z mo\u017cliwo\u015bci\u0105 dofinansowania?<\/h2>\n\t<span class=\"price\"><span class=\"woocommerce-Price-amount amount\"><bdi>1,00&nbsp;<span class=\"woocommerce-Price-currencySymbol\">&#122;&#322;<\/span><\/bdi><\/span><\/span>\n<\/a><a href=\"\/pl\/wp-json\/wp\/v2\/posts\/6024?add-to-cart=5337\" aria-describedby=\"woocommerce_loop_add_to_cart_link_describedby_5337\" data-quantity=\"1\" class=\"button product_type_simple add_to_cart_button ajax_add_to_cart\" data-product_id=\"5337\" data-product_sku=\"\" aria-label=\"Dodaj do koszyka: \u201eHow to expand a trainer\u2019s offerings with online training and digital products with funding opportunities.\u201d\" rel=\"nofollow\" data-success_message=\"\u201cHow to expand a trainer\u2019s offerings with online training and digital products with funding opportunities.\u201d zosta\u0142 dodany do twojego koszyka\" data-no-translation=\"\" data-trp-gettext=\"\" data-no-translation-aria-label=\"\" data-no-translation-data-success_message=\"\">Dodaj do koszyka<\/a>\t<span id=\"woocommerce_loop_add_to_cart_link_describedby_5337\" class=\"screen-reader-text\">\n\t\t\t<\/span>\n<\/li>\n<\/ul>\n<\/div><\/div>\n\t\t\t\t\t\t<\/div>\n\t\t\t\t<\/div>\n\t\t\t\t<\/div>\n\t\t\t\t<\/div>\n\t\t\t\t<\/div>\n\t\t<div class=\"elementor-element elementor-element-faaf0c5 e-con-full e-flex e-con e-child\" data-id=\"faaf0c5\" data-element_type=\"container\">\n\t\t<div class=\"elementor-element elementor-element-a45a217 e-con-full trnd-sticky e-flex e-con e-child\" data-id=\"a45a217\" data-element_type=\"container\">\n\t\t\t\t<div class=\"elementor-element elementor-element-aed351e elementor-widget elementor-widget-shortcode\" data-id=\"aed351e\" data-element_type=\"widget\" data-widget_type=\"shortcode.default\">\n\t\t\t\t<div class=\"elementor-widget-container\">\n\t\t\t\t\t\t\t<div class=\"elementor-shortcode\">\t\t<div data-elementor-type=\"wp-post\" data-elementor-id=\"6003\" class=\"elementor elementor-6003\">\n\t\t\t\t<div class=\"elementor-element elementor-element-c2c40e8 e-flex e-con-boxed e-con e-parent\" data-id=\"c2c40e8\" data-element_type=\"container\">\n\t\t\t\t\t<div class=\"e-con-inner\">\n\t\t\t\t<div class=\"elementor-element elementor-element-6735dfe elementor-widget__width-inherit elementor-widget elementor-widget-image\" data-id=\"6735dfe\" data-element_type=\"widget\" data-widget_type=\"image.default\">\n\t\t\t\t<div class=\"elementor-widget-container\">\n\t\t\t\t\t\t\t\t\t\t\t\t\t\t\t<img decoding=\"async\" width=\"266\" height=\"266\" src=\"https:\/\/aaa.do\/wp-content\/uploads\/2025\/06\/aaado-trener-Pawel-Wojtyczka.png\" class=\"attachment-large size-large wp-image-6005 wp-post-image\" alt=\"\" srcset=\"https:\/\/aaa.do\/wp-content\/uploads\/2025\/06\/aaado-trener-Pawel-Wojtyczka.png 266w, https:\/\/aaa.do\/wp-content\/uploads\/2025\/06\/aaado-trener-Pawel-Wojtyczka-150x150.png 150w, https:\/\/aaa.do\/wp-content\/uploads\/2025\/06\/aaado-trener-Pawel-Wojtyczka-12x12.png 12w, https:\/\/aaa.do\/wp-content\/uploads\/2025\/06\/aaado-trener-Pawel-Wojtyczka-100x100.png 100w\" sizes=\"(max-width: 266px) 100vw, 266px\" \/>\t\t\t\t\t\t\t\t\t\t\t\t\t\t\t<\/div>\n\t\t\t\t<\/div>\n\t\t\t\t<div class=\"elementor-element elementor-element-b7c9882 trnd-tabindex elementor-widget elementor-widget-text-editor\" data-id=\"b7c9882\" data-element_type=\"widget\" data-widget_type=\"text-editor.default\">\n\t\t\t\t<div class=\"elementor-widget-container\">\n\t\t\t\t\t\t\t\t\t<p>Pawe\u0142 Wojtyczka<\/p>\t\t\t\t\t\t\t\t<\/div>\n\t\t\t\t<\/div>\n\t\t\t\t<div class=\"elementor-element elementor-element-c011742 elementor-widget elementor-widget-text-editor\" data-id=\"c011742\" data-element_type=\"widget\" data-widget_type=\"text-editor.default\">\n\t\t\t\t<div class=\"elementor-widget-container\">\n\t\t\t\t\t\t\t\t\t<p>Przedsi\u0119biorca od 2006 r., zwi\u0105zany przede wszystkim z bran\u017c\u0105 IT. Propagator idei wspierania os\u00f3b z autyzmem w bran\u017cy IT, wsp\u00f3\u0142tw\u00f3rca projektu asperIT. Uko\u0144czy\u0142 studia na Politechnice Wroc\u0142awskiej, kierunek Informatyka na Wydziale Elektroniki.  Prywatnie entuzjasta samorozwoju, sportu raczej na zewn\u0105trz ni\u017c przed telewizorem, ci\u0105g\u0142ego coraz g\u0142\u0119bszego odkrywania swoich s\u0142abych i mocnych stron. M\u0105\u017c i ojciec dw\u00f3jki dzieci.<\/p>\t\t\t\t\t\t\t\t<\/div>\n\t\t\t\t<\/div>\n\t\t\t\t\t<\/div>\n\t\t\t\t<\/div>\n\t\t\t\t<\/div>\n\t\t<\/div>\n\t\t\t\t\t\t<\/div>\n\t\t\t\t<\/div>\n\t\t\t\t<\/div>\n\t\t\t\t<\/div>\n\t\t\t\t\t<\/div>\n\t\t\t\t<\/div>\n\t\t\t\t<\/div>","protected":false},"excerpt":{"rendered":"<p>In the previous article, we discussed what neurodiversity is and what business benefits come from including neurodivergent individuals in teams. We also covered basic practices that help such individuals function effectively in a corporate environment. Now, let\u2019s look at specific strategies you can implement as a manager to fully leverage the potential of neurodiversity in [&hellip;]<\/p>","protected":false},"author":19,"featured_media":6027,"comment_status":"closed","ping_status":"open","sticky":false,"template":"","format":"standard","meta":{"_acf_changed":false,"footnotes":""},"categories":[60],"tags":[],"trainer":[125],"class_list":["post-6024","post","type-post","status-publish","format-standard","has-post-thumbnail","hentry","category-blog","trainer-pawel-wojtyczka"],"blocksy_meta":{"page_structure_type":"type-4","vertical_spacing_source":"custom","content_area_spacing":"bottom","styles_descriptor":{"styles":{"desktop":"","tablet":"","mobile":""},"google_fonts":[],"version":6}},"acf":[],"yoast_head":"<!-- This site is optimized with the Yoast SEO plugin v26.2 - https:\/\/yoast.com\/wordpress\/plugins\/seo\/ -->\n<title>Practical strategies for managing a neurodiversity team - aaa.do<\/title>\n<meta name=\"robots\" content=\"index, follow, max-snippet:-1, max-image-preview:large, max-video-preview:-1\" \/>\n<link rel=\"canonical\" href=\"https:\/\/aaa.do\/pl\/practical-strategies-for-managing-a-neurodiversity-team\/\" \/>\n<meta property=\"og:locale\" content=\"pl_PL\" \/>\n<meta property=\"og:type\" content=\"article\" \/>\n<meta property=\"og:title\" content=\"Practical strategies for managing a neurodiversity team - aaa.do\" \/>\n<meta property=\"og:description\" content=\"In the previous article, we discussed what neurodiversity is and what business benefits come from including neurodivergent individuals in teams. We also covered basic practices that help such individuals function effectively in a corporate environment. Now, let\u2019s look at specific strategies you can implement as a manager to fully leverage the potential of neurodiversity in [&hellip;]\" \/>\n<meta property=\"og:url\" content=\"https:\/\/aaa.do\/pl\/practical-strategies-for-managing-a-neurodiversity-team\/\" \/>\n<meta property=\"og:site_name\" content=\"aaa.do\" \/>\n<meta property=\"article:published_time\" content=\"2025-06-18T10:00:00+00:00\" \/>\n<meta property=\"article:modified_time\" content=\"2025-06-24T12:20:03+00:00\" \/>\n<meta property=\"og:image\" content=\"https:\/\/aaa.do\/wp-content\/uploads\/2025\/06\/aaado-blog-Pawel-Wojtyczka-Praktyczne-strategie-zarzadzania-zespolem-neuroroznorodnym.jpg\" \/>\n\t<meta property=\"og:image:width\" content=\"1920\" \/>\n\t<meta property=\"og:image:height\" content=\"1080\" \/>\n\t<meta property=\"og:image:type\" content=\"image\/jpeg\" \/>\n<meta name=\"author\" content=\"Bohdan\" \/>\n<meta name=\"twitter:card\" content=\"summary_large_image\" \/>\n<meta name=\"twitter:label1\" content=\"Napisane przez\" \/>\n\t<meta name=\"twitter:data1\" content=\"Bohdan\" \/>\n\t<meta name=\"twitter:label2\" content=\"Szacowany czas czytania\" \/>\n\t<meta name=\"twitter:data2\" content=\"5 minut\" \/>\n<script type=\"application\/ld+json\" class=\"yoast-schema-graph\">{\"@context\":\"https:\/\/schema.org\",\"@graph\":[{\"@type\":\"Article\",\"@id\":\"https:\/\/aaa.do\/practical-strategies-for-managing-a-neurodiversity-team\/#article\",\"isPartOf\":{\"@id\":\"https:\/\/aaa.do\/practical-strategies-for-managing-a-neurodiversity-team\/\"},\"author\":{\"name\":\"Bohdan\",\"@id\":\"https:\/\/aaa.do\/#\/schema\/person\/1c7364a943abe2d6dac444a9a7d4f036\"},\"headline\":\"Practical strategies for managing a neurodiversity team\",\"datePublished\":\"2025-06-18T10:00:00+00:00\",\"dateModified\":\"2025-06-24T12:20:03+00:00\",\"mainEntityOfPage\":{\"@id\":\"https:\/\/aaa.do\/practical-strategies-for-managing-a-neurodiversity-team\/\"},\"wordCount\":1052,\"publisher\":{\"@id\":\"https:\/\/aaa.do\/#organization\"},\"image\":{\"@id\":\"https:\/\/aaa.do\/practical-strategies-for-managing-a-neurodiversity-team\/#primaryimage\"},\"thumbnailUrl\":\"https:\/\/aaa.do\/wp-content\/uploads\/2025\/06\/aaado-blog-Pawel-Wojtyczka-Praktyczne-strategie-zarzadzania-zespolem-neuroroznorodnym.jpg\",\"articleSection\":[\"blog\"],\"inLanguage\":\"pl-PL\"},{\"@type\":\"WebPage\",\"@id\":\"https:\/\/aaa.do\/practical-strategies-for-managing-a-neurodiversity-team\/\",\"url\":\"https:\/\/aaa.do\/practical-strategies-for-managing-a-neurodiversity-team\/\",\"name\":\"Practical strategies for managing a neurodiversity team - aaa.do\",\"isPartOf\":{\"@id\":\"https:\/\/aaa.do\/#website\"},\"primaryImageOfPage\":{\"@id\":\"https:\/\/aaa.do\/practical-strategies-for-managing-a-neurodiversity-team\/#primaryimage\"},\"image\":{\"@id\":\"https:\/\/aaa.do\/practical-strategies-for-managing-a-neurodiversity-team\/#primaryimage\"},\"thumbnailUrl\":\"https:\/\/aaa.do\/wp-content\/uploads\/2025\/06\/aaado-blog-Pawel-Wojtyczka-Praktyczne-strategie-zarzadzania-zespolem-neuroroznorodnym.jpg\",\"datePublished\":\"2025-06-18T10:00:00+00:00\",\"dateModified\":\"2025-06-24T12:20:03+00:00\",\"breadcrumb\":{\"@id\":\"https:\/\/aaa.do\/practical-strategies-for-managing-a-neurodiversity-team\/#breadcrumb\"},\"inLanguage\":\"pl-PL\",\"potentialAction\":[{\"@type\":\"ReadAction\",\"target\":[\"https:\/\/aaa.do\/practical-strategies-for-managing-a-neurodiversity-team\/\"]}]},{\"@type\":\"ImageObject\",\"inLanguage\":\"pl-PL\",\"@id\":\"https:\/\/aaa.do\/practical-strategies-for-managing-a-neurodiversity-team\/#primaryimage\",\"url\":\"https:\/\/aaa.do\/wp-content\/uploads\/2025\/06\/aaado-blog-Pawel-Wojtyczka-Praktyczne-strategie-zarzadzania-zespolem-neuroroznorodnym.jpg\",\"contentUrl\":\"https:\/\/aaa.do\/wp-content\/uploads\/2025\/06\/aaado-blog-Pawel-Wojtyczka-Praktyczne-strategie-zarzadzania-zespolem-neuroroznorodnym.jpg\",\"width\":1920,\"height\":1080,\"caption\":\"Practical strategies for managing a neurodiversity team\"},{\"@type\":\"BreadcrumbList\",\"@id\":\"https:\/\/aaa.do\/practical-strategies-for-managing-a-neurodiversity-team\/#breadcrumb\",\"itemListElement\":[{\"@type\":\"ListItem\",\"position\":1,\"name\":\"Strona g\u0142\u00f3wna\",\"item\":\"https:\/\/aaa.do\/\"},{\"@type\":\"ListItem\",\"position\":2,\"name\":\"Practical strategies for managing a neurodiversity team\"}]},{\"@type\":\"WebSite\",\"@id\":\"https:\/\/aaa.do\/#website\",\"url\":\"https:\/\/aaa.do\/\",\"name\":\"aaa.do\",\"description\":\"\",\"publisher\":{\"@id\":\"https:\/\/aaa.do\/#organization\"},\"potentialAction\":[{\"@type\":\"SearchAction\",\"target\":{\"@type\":\"EntryPoint\",\"urlTemplate\":\"https:\/\/aaa.do\/?s={search_term_string}\"},\"query-input\":{\"@type\":\"PropertyValueSpecification\",\"valueRequired\":true,\"valueName\":\"search_term_string\"}}],\"inLanguage\":\"pl-PL\"},{\"@type\":\"Organization\",\"@id\":\"https:\/\/aaa.do\/#organization\",\"name\":\"aaa.do\",\"url\":\"https:\/\/aaa.do\/\",\"logo\":{\"@type\":\"ImageObject\",\"inLanguage\":\"pl-PL\",\"@id\":\"https:\/\/aaa.do\/#\/schema\/logo\/image\/\",\"url\":\"https:\/\/aaa.do\/wp-content\/uploads\/2024\/09\/aaa-do_LOGO.png\",\"contentUrl\":\"https:\/\/aaa.do\/wp-content\/uploads\/2024\/09\/aaa-do_LOGO.png\",\"width\":1200,\"height\":246,\"caption\":\"aaa.do\"},\"image\":{\"@id\":\"https:\/\/aaa.do\/#\/schema\/logo\/image\/\"}},{\"@type\":\"Person\",\"@id\":\"https:\/\/aaa.do\/#\/schema\/person\/1c7364a943abe2d6dac444a9a7d4f036\",\"name\":\"Bohdan\",\"image\":{\"@type\":\"ImageObject\",\"inLanguage\":\"pl-PL\",\"@id\":\"https:\/\/aaa.do\/#\/schema\/person\/image\/\",\"url\":\"https:\/\/secure.gravatar.com\/avatar\/c816698c131ba6948c6e7750913fbf2736d1d263210e01452712fa95a7da1dda?s=96&d=mm&r=g\",\"contentUrl\":\"https:\/\/secure.gravatar.com\/avatar\/c816698c131ba6948c6e7750913fbf2736d1d263210e01452712fa95a7da1dda?s=96&d=mm&r=g\",\"caption\":\"Bohdan\"}}]}<\/script>\n<!-- \/ Yoast SEO plugin. -->","yoast_head_json":{"title":"Practical strategies for managing a neurodiversity team - aaa.do","robots":{"index":"index","follow":"follow","max-snippet":"max-snippet:-1","max-image-preview":"max-image-preview:large","max-video-preview":"max-video-preview:-1"},"canonical":"https:\/\/aaa.do\/pl\/practical-strategies-for-managing-a-neurodiversity-team\/","og_locale":"pl_PL","og_type":"article","og_title":"Practical strategies for managing a neurodiversity team - aaa.do","og_description":"In the previous article, we discussed what neurodiversity is and what business benefits come from including neurodivergent individuals in teams. We also covered basic practices that help such individuals function effectively in a corporate environment. Now, let\u2019s look at specific strategies you can implement as a manager to fully leverage the potential of neurodiversity in [&hellip;]","og_url":"https:\/\/aaa.do\/pl\/practical-strategies-for-managing-a-neurodiversity-team\/","og_site_name":"aaa.do","article_published_time":"2025-06-18T10:00:00+00:00","article_modified_time":"2025-06-24T12:20:03+00:00","og_image":[{"width":1920,"height":1080,"url":"https:\/\/aaa.do\/wp-content\/uploads\/2025\/06\/aaado-blog-Pawel-Wojtyczka-Praktyczne-strategie-zarzadzania-zespolem-neuroroznorodnym.jpg","type":"image\/jpeg"}],"author":"Bohdan","twitter_card":"summary_large_image","twitter_misc":{"Napisane przez":"Bohdan","Szacowany czas czytania":"5 minut"},"schema":{"@context":"https:\/\/schema.org","@graph":[{"@type":"Article","@id":"https:\/\/aaa.do\/practical-strategies-for-managing-a-neurodiversity-team\/#article","isPartOf":{"@id":"https:\/\/aaa.do\/practical-strategies-for-managing-a-neurodiversity-team\/"},"author":{"name":"Bohdan","@id":"https:\/\/aaa.do\/#\/schema\/person\/1c7364a943abe2d6dac444a9a7d4f036"},"headline":"Practical strategies for managing a neurodiversity team","datePublished":"2025-06-18T10:00:00+00:00","dateModified":"2025-06-24T12:20:03+00:00","mainEntityOfPage":{"@id":"https:\/\/aaa.do\/practical-strategies-for-managing-a-neurodiversity-team\/"},"wordCount":1052,"publisher":{"@id":"https:\/\/aaa.do\/#organization"},"image":{"@id":"https:\/\/aaa.do\/practical-strategies-for-managing-a-neurodiversity-team\/#primaryimage"},"thumbnailUrl":"https:\/\/aaa.do\/wp-content\/uploads\/2025\/06\/aaado-blog-Pawel-Wojtyczka-Praktyczne-strategie-zarzadzania-zespolem-neuroroznorodnym.jpg","articleSection":["blog"],"inLanguage":"pl-PL"},{"@type":"WebPage","@id":"https:\/\/aaa.do\/practical-strategies-for-managing-a-neurodiversity-team\/","url":"https:\/\/aaa.do\/practical-strategies-for-managing-a-neurodiversity-team\/","name":"Practical strategies for managing a neurodiversity team - aaa.do","isPartOf":{"@id":"https:\/\/aaa.do\/#website"},"primaryImageOfPage":{"@id":"https:\/\/aaa.do\/practical-strategies-for-managing-a-neurodiversity-team\/#primaryimage"},"image":{"@id":"https:\/\/aaa.do\/practical-strategies-for-managing-a-neurodiversity-team\/#primaryimage"},"thumbnailUrl":"https:\/\/aaa.do\/wp-content\/uploads\/2025\/06\/aaado-blog-Pawel-Wojtyczka-Praktyczne-strategie-zarzadzania-zespolem-neuroroznorodnym.jpg","datePublished":"2025-06-18T10:00:00+00:00","dateModified":"2025-06-24T12:20:03+00:00","breadcrumb":{"@id":"https:\/\/aaa.do\/practical-strategies-for-managing-a-neurodiversity-team\/#breadcrumb"},"inLanguage":"pl-PL","potentialAction":[{"@type":"ReadAction","target":["https:\/\/aaa.do\/practical-strategies-for-managing-a-neurodiversity-team\/"]}]},{"@type":"ImageObject","inLanguage":"pl-PL","@id":"https:\/\/aaa.do\/practical-strategies-for-managing-a-neurodiversity-team\/#primaryimage","url":"https:\/\/aaa.do\/wp-content\/uploads\/2025\/06\/aaado-blog-Pawel-Wojtyczka-Praktyczne-strategie-zarzadzania-zespolem-neuroroznorodnym.jpg","contentUrl":"https:\/\/aaa.do\/wp-content\/uploads\/2025\/06\/aaado-blog-Pawel-Wojtyczka-Praktyczne-strategie-zarzadzania-zespolem-neuroroznorodnym.jpg","width":1920,"height":1080,"caption":"Practical strategies for managing a neurodiversity team"},{"@type":"BreadcrumbList","@id":"https:\/\/aaa.do\/practical-strategies-for-managing-a-neurodiversity-team\/#breadcrumb","itemListElement":[{"@type":"ListItem","position":1,"name":"Strona g\u0142\u00f3wna","item":"https:\/\/aaa.do\/"},{"@type":"ListItem","position":2,"name":"Practical strategies for managing a neurodiversity team"}]},{"@type":"WebSite","@id":"https:\/\/aaa.do\/#website","url":"https:\/\/aaa.do\/","name":"aaa.do","description":"","publisher":{"@id":"https:\/\/aaa.do\/#organization"},"potentialAction":[{"@type":"SearchAction","target":{"@type":"EntryPoint","urlTemplate":"https:\/\/aaa.do\/?s={search_term_string}"},"query-input":{"@type":"PropertyValueSpecification","valueRequired":true,"valueName":"search_term_string"}}],"inLanguage":"pl-PL"},{"@type":"Organization","@id":"https:\/\/aaa.do\/#organization","name":"aaa.do","url":"https:\/\/aaa.do\/","logo":{"@type":"ImageObject","inLanguage":"pl-PL","@id":"https:\/\/aaa.do\/#\/schema\/logo\/image\/","url":"https:\/\/aaa.do\/wp-content\/uploads\/2024\/09\/aaa-do_LOGO.png","contentUrl":"https:\/\/aaa.do\/wp-content\/uploads\/2024\/09\/aaa-do_LOGO.png","width":1200,"height":246,"caption":"aaa.do"},"image":{"@id":"https:\/\/aaa.do\/#\/schema\/logo\/image\/"}},{"@type":"Person","@id":"https:\/\/aaa.do\/#\/schema\/person\/1c7364a943abe2d6dac444a9a7d4f036","name":"Bohdan","image":{"@type":"ImageObject","inLanguage":"pl-PL","@id":"https:\/\/aaa.do\/#\/schema\/person\/image\/","url":"https:\/\/secure.gravatar.com\/avatar\/c816698c131ba6948c6e7750913fbf2736d1d263210e01452712fa95a7da1dda?s=96&d=mm&r=g","contentUrl":"https:\/\/secure.gravatar.com\/avatar\/c816698c131ba6948c6e7750913fbf2736d1d263210e01452712fa95a7da1dda?s=96&d=mm&r=g","caption":"Bohdan"}}]}},"_links":{"self":[{"href":"https:\/\/aaa.do\/pl\/wp-json\/wp\/v2\/posts\/6024","targetHints":{"allow":["GET"]}}],"collection":[{"href":"https:\/\/aaa.do\/pl\/wp-json\/wp\/v2\/posts"}],"about":[{"href":"https:\/\/aaa.do\/pl\/wp-json\/wp\/v2\/types\/post"}],"author":[{"embeddable":true,"href":"https:\/\/aaa.do\/pl\/wp-json\/wp\/v2\/users\/19"}],"replies":[{"embeddable":true,"href":"https:\/\/aaa.do\/pl\/wp-json\/wp\/v2\/comments?post=6024"}],"version-history":[{"count":7,"href":"https:\/\/aaa.do\/pl\/wp-json\/wp\/v2\/posts\/6024\/revisions"}],"predecessor-version":[{"id":6033,"href":"https:\/\/aaa.do\/pl\/wp-json\/wp\/v2\/posts\/6024\/revisions\/6033"}],"wp:featuredmedia":[{"embeddable":true,"href":"https:\/\/aaa.do\/pl\/wp-json\/wp\/v2\/media\/6027"}],"wp:attachment":[{"href":"https:\/\/aaa.do\/pl\/wp-json\/wp\/v2\/media?parent=6024"}],"wp:term":[{"taxonomy":"category","embeddable":true,"href":"https:\/\/aaa.do\/pl\/wp-json\/wp\/v2\/categories?post=6024"},{"taxonomy":"post_tag","embeddable":true,"href":"https:\/\/aaa.do\/pl\/wp-json\/wp\/v2\/tags?post=6024"},{"taxonomy":"trainer","embeddable":true,"href":"https:\/\/aaa.do\/pl\/wp-json\/wp\/v2\/trainer?post=6024"}],"curies":[{"name":"wp","href":"https:\/\/api.w.org\/{rel}","templated":true}]}}